{"id":8597,"date":"2019-09-03T08:17:56","date_gmt":"2019-09-03T07:17:56","guid":{"rendered":"https:\/\/www.neel-trimarans.com\/the-neel-47-nominated-european-yacht-of-the-year-2020\/"},"modified":"2020-01-07T09:18:48","modified_gmt":"2020-01-07T08:18:48","slug":"the-neel-47-nominated-european-yacht-of-the-year-2020","status":"publish","type":"post","link":"https:\/\/www.neel-trimarans.com\/fr\/the-neel-47-nominated-european-yacht-of-the-year-2020\/","title":{"rendered":"Le NEEL 47 est nomin\u00e9 pour le prix du Bateau Europ\u00e9en de l&rsquo;ann\u00e9e !"},"content":{"rendered":"<h2>Le NEEL 47 nomin\u00e9 !<\/h2>\n<p>Les \u00e9quipes de NEEL-TRIMARANS sont fi\u00e8res d&rsquo;annoncer que le<a href=\"https:\/\/www.europeanyachtoftheyear.com\/kopie-von-multihulls\"> NEEL 47 est nomin\u00e9 pour l&rsquo;\u00e9dition 2020<\/a> du prix du <strong>Bateau Europ\u00e9en de l&rsquo;ann\u00e9e<\/strong> dans la cat\u00e9gorie multicoques.<\/p>\n<p>[vc_row][vc_column][vc_video link=\u00a0\u00bbhttps:\/\/www.youtube.com\/watch?v=buoMxmUd9co\u00a0\u00bb el_width=\u00a0\u00bb60&Prime; align=\u00a0\u00bbcenter\u00a0\u00bb][\/vc_column][\/vc_row]<\/p>\n<h2>12 magazines issus de toute l&rsquo;Europe composent le jury<\/h2>\n<p>Le prix du Bateau Europ\u00e9en de l&rsquo;ann\u00e9e est important et reconnu dans le domaine. Il est d\u00e9livr\u00e9 par un jury de 12 magazines sp\u00e9cialis\u00e9s.<\/p>\n<p>Ce groupe d&rsquo;experts testeront le NEEL 47 pendant quelques jours \u00e0 Barcelone du 14 au 19 octobre 2019. La c\u00e9r\u00e9monie de remise des prix aura lieu durant le <a href=\"https:\/\/www.boot.com\/\">salon nautique de D\u00fcsseldorf<\/a> en Allemagne du 18 au 26 janvier 2020.<\/p>\n","protected":false},"excerpt":{"rendered":"<p>Le NEEL 47 nomin\u00e9 ! Les \u00e9quipes de NEEL-TRIMARANS sont fi\u00e8res d&rsquo;annoncer que le NEEL 47 est nomin\u00e9 pour l&rsquo;\u00e9dition 2020 du prix du Bateau Europ\u00e9en de l&rsquo;ann\u00e9e dans la cat\u00e9gorie multicoques. [vc_row][vc_column][vc_video link=\u00a0\u00bbhttps:\/\/www.youtube.com\/watch?v=buoMxmUd9co\u00a0\u00bb el_width=\u00a0\u00bb60&Prime; align=\u00a0\u00bbcenter\u00a0\u00bb][\/vc_column][\/vc_row] 12 magazines issus de toute l&rsquo;Europe composent le jury Le prix du Bateau Europ\u00e9en de l&rsquo;ann\u00e9e est important et [&hellip;]<\/p>\n","protected":false},"author":1,"featured_media":8541,"comment_status":"closed","ping_status":"closed","sticky":false,"template":"","format":"standard","meta":{"_acf_changed":false,"inline_featured_image":false,"footnotes":""},"categories":[7],"tags":[147,153],"class_list":["post-8597","post","type-post","status-publish","format-standard","has-post-thumbnail","hentry","category-actualites-fr","tag-accueil_-actus_fr","tag-neel47-fr"],"acf":[],"yoast_head":"<!-- This site is optimized with the Yoast SEO plugin v27.4 - https:\/\/yoast.com\/product\/yoast-seo-wordpress\/ -->\n<title>Le NEEL 47 est nomin\u00e9 pour le prix du Bateau Europ\u00e9en de l&#039;ann\u00e9e !<\/title>\n<meta name=\"description\" content=\"Le NEEL 47 nomin\u00e9 ! Les \u00e9quipes de NEEL-TRIMARANS sont fi\u00e8res d&#039;annoncer que le NEEL 47 est nomin\u00e9 pour l&#039;\u00e9dition 2020 du prix du Bateau Europ\u00e9en de l&#039;ann\u00e9e\" \/>\n<meta name=\"robots\" content=\"index, follow, max-snippet:-1, max-image-preview:large, max-video-preview:-1\" \/>\n<link rel=\"canonical\" href=\"https:\/\/www.neel-trimarans.com\/fr\/the-neel-47-nominated-european-yacht-of-the-year-2020\/\" \/>\n<meta property=\"og:locale\" content=\"fr_FR\" \/>\n<meta property=\"og:type\" content=\"article\" \/>\n<meta property=\"og:title\" content=\"Le NEEL 47 est nomin\u00e9 pour le prix du Bateau Europ\u00e9en de l&#039;ann\u00e9e !\" \/>\n<meta property=\"og:description\" content=\"Le NEEL 47 nomin\u00e9 ! Les \u00e9quipes de NEEL-TRIMARANS sont fi\u00e8res d&#039;annoncer que le NEEL 47 est nomin\u00e9 pour l&#039;\u00e9dition 2020 du prix du Bateau Europ\u00e9en de l&#039;ann\u00e9e\" \/>\n<meta property=\"og:url\" content=\"https:\/\/www.neel-trimarans.com\/fr\/the-neel-47-nominated-european-yacht-of-the-year-2020\/\" \/>\n<meta property=\"og:site_name\" content=\"NEEL-TRIMARANS\" \/>\n<meta property=\"article:publisher\" content=\"https:\/\/www.facebook.com\/neeltrimarans\/\" \/>\n<meta property=\"article:published_time\" content=\"2019-09-03T07:17:56+00:00\" \/>\n<meta property=\"article:modified_time\" content=\"2020-01-07T08:18:48+00:00\" \/>\n<meta property=\"og:image\" content=\"https:\/\/www.neel-trimarans.com\/wp-content\/uploads\/2019\/05\/NEEL-47-NOMINATED2020.jpg\" \/>\n\t<meta property=\"og:image:width\" content=\"800\" \/>\n\t<meta property=\"og:image:height\" content=\"534\" \/>\n\t<meta property=\"og:image:type\" content=\"image\/jpeg\" \/>\n<meta name=\"author\" content=\"admin@neel\" \/>\n<meta name=\"twitter:card\" content=\"summary_large_image\" \/>\n<meta name=\"twitter:creator\" content=\"@neeltrimarans\" \/>\n<meta name=\"twitter:site\" content=\"@neeltrimarans\" \/>\n<meta name=\"twitter:label1\" content=\"\u00c9crit par\" \/>\n\t<meta name=\"twitter:data1\" content=\"admin@neel\" \/>\n\t<meta name=\"twitter:label2\" content=\"Dur\u00e9e de lecture estim\u00e9e\" \/>\n\t<meta name=\"twitter:data2\" content=\"1 minute\" \/>\n<script type=\"application\/ld+json\" class=\"yoast-schema-graph\">{\"@context\":\"https:\\\/\\\/schema.org\",\"@graph\":[{\"@type\":\"Article\",\"@id\":\"https:\\\/\\\/www.neel-trimarans.com\\\/fr\\\/the-neel-47-nominated-european-yacht-of-the-year-2020\\\/#article\",\"isPartOf\":{\"@id\":\"https:\\\/\\\/www.neel-trimarans.com\\\/fr\\\/the-neel-47-nominated-european-yacht-of-the-year-2020\\\/\"},\"author\":{\"name\":\"admin@neel\",\"@id\":\"https:\\\/\\\/www.neel-trimarans.com\\\/#\\\/schema\\\/person\\\/802018f4b970e32fb1fd11dff7d1f55d\"},\"headline\":\"Le NEEL 47 est nomin\u00e9 pour le prix du Bateau Europ\u00e9en de l&rsquo;ann\u00e9e !\",\"datePublished\":\"2019-09-03T07:17:56+00:00\",\"dateModified\":\"2020-01-07T08:18:48+00:00\",\"mainEntityOfPage\":{\"@id\":\"https:\\\/\\\/www.neel-trimarans.com\\\/fr\\\/the-neel-47-nominated-european-yacht-of-the-year-2020\\\/\"},\"wordCount\":141,\"publisher\":{\"@id\":\"https:\\\/\\\/www.neel-trimarans.com\\\/#organization\"},\"image\":{\"@id\":\"https:\\\/\\\/www.neel-trimarans.com\\\/fr\\\/the-neel-47-nominated-european-yacht-of-the-year-2020\\\/#primaryimage\"},\"thumbnailUrl\":\"https:\\\/\\\/www.neel-trimarans.com\\\/wp-content\\\/uploads\\\/2019\\\/05\\\/NEEL-47-NOMINATED2020.jpg\",\"keywords\":[\"Accueil_actus\",\"NEEL47\"],\"articleSection\":[\"Actualit\u00e9s\"],\"inLanguage\":\"fr-FR\"},{\"@type\":\"WebPage\",\"@id\":\"https:\\\/\\\/www.neel-trimarans.com\\\/fr\\\/the-neel-47-nominated-european-yacht-of-the-year-2020\\\/\",\"url\":\"https:\\\/\\\/www.neel-trimarans.com\\\/fr\\\/the-neel-47-nominated-european-yacht-of-the-year-2020\\\/\",\"name\":\"Le NEEL 47 est nomin\u00e9 pour le prix du Bateau Europ\u00e9en de l'ann\u00e9e !\",\"isPartOf\":{\"@id\":\"https:\\\/\\\/www.neel-trimarans.com\\\/#website\"},\"primaryImageOfPage\":{\"@id\":\"https:\\\/\\\/www.neel-trimarans.com\\\/fr\\\/the-neel-47-nominated-european-yacht-of-the-year-2020\\\/#primaryimage\"},\"image\":{\"@id\":\"https:\\\/\\\/www.neel-trimarans.com\\\/fr\\\/the-neel-47-nominated-european-yacht-of-the-year-2020\\\/#primaryimage\"},\"thumbnailUrl\":\"https:\\\/\\\/www.neel-trimarans.com\\\/wp-content\\\/uploads\\\/2019\\\/05\\\/NEEL-47-NOMINATED2020.jpg\",\"datePublished\":\"2019-09-03T07:17:56+00:00\",\"dateModified\":\"2020-01-07T08:18:48+00:00\",\"description\":\"Le NEEL 47 nomin\u00e9 ! Les \u00e9quipes de NEEL-TRIMARANS sont fi\u00e8res d'annoncer que le NEEL 47 est nomin\u00e9 pour l'\u00e9dition 2020 du prix du Bateau Europ\u00e9en de l'ann\u00e9e\",\"breadcrumb\":{\"@id\":\"https:\\\/\\\/www.neel-trimarans.com\\\/fr\\\/the-neel-47-nominated-european-yacht-of-the-year-2020\\\/#breadcrumb\"},\"inLanguage\":\"fr-FR\",\"potentialAction\":[{\"@type\":\"ReadAction\",\"target\":[\"https:\\\/\\\/www.neel-trimarans.com\\\/fr\\\/the-neel-47-nominated-european-yacht-of-the-year-2020\\\/\"]}]},{\"@type\":\"ImageObject\",\"inLanguage\":\"fr-FR\",\"@id\":\"https:\\\/\\\/www.neel-trimarans.com\\\/fr\\\/the-neel-47-nominated-european-yacht-of-the-year-2020\\\/#primaryimage\",\"url\":\"https:\\\/\\\/www.neel-trimarans.com\\\/wp-content\\\/uploads\\\/2019\\\/05\\\/NEEL-47-NOMINATED2020.jpg\",\"contentUrl\":\"https:\\\/\\\/www.neel-trimarans.com\\\/wp-content\\\/uploads\\\/2019\\\/05\\\/NEEL-47-NOMINATED2020.jpg\",\"width\":800,\"height\":534,\"caption\":\"Bateau Europ\u00e9en de l'ann\u00e9e\"},{\"@type\":\"BreadcrumbList\",\"@id\":\"https:\\\/\\\/www.neel-trimarans.com\\\/fr\\\/the-neel-47-nominated-european-yacht-of-the-year-2020\\\/#breadcrumb\",\"itemListElement\":[{\"@type\":\"ListItem\",\"position\":1,\"name\":\"Home\",\"item\":\"https:\\\/\\\/www.neel-trimarans.com\\\/fr\\\/\"},{\"@type\":\"ListItem\",\"position\":2,\"name\":\"Le NEEL 47 est nomin\u00e9 pour le prix du Bateau Europ\u00e9en de l&#8217;ann\u00e9e !\"}]},{\"@type\":\"WebSite\",\"@id\":\"https:\\\/\\\/www.neel-trimarans.com\\\/#website\",\"url\":\"https:\\\/\\\/www.neel-trimarans.com\\\/\",\"name\":\"NEEL-TRIMARANS\",\"description\":\"Just makes sense\",\"publisher\":{\"@id\":\"https:\\\/\\\/www.neel-trimarans.com\\\/#organization\"},\"potentialAction\":[{\"@type\":\"SearchAction\",\"target\":{\"@type\":\"EntryPoint\",\"urlTemplate\":\"https:\\\/\\\/www.neel-trimarans.com\\\/?s={search_term_string}\"},\"query-input\":{\"@type\":\"PropertyValueSpecification\",\"valueRequired\":true,\"valueName\":\"search_term_string\"}}],\"inLanguage\":\"fr-FR\"},{\"@type\":\"Organization\",\"@id\":\"https:\\\/\\\/www.neel-trimarans.com\\\/#organization\",\"name\":\"NEEL-TRIMARANS\",\"url\":\"https:\\\/\\\/www.neel-trimarans.com\\\/\",\"logo\":{\"@type\":\"ImageObject\",\"inLanguage\":\"fr-FR\",\"@id\":\"https:\\\/\\\/www.neel-trimarans.com\\\/#\\\/schema\\\/logo\\\/image\\\/\",\"url\":\"\",\"contentUrl\":\"\",\"caption\":\"NEEL-TRIMARANS\"},\"image\":{\"@id\":\"https:\\\/\\\/www.neel-trimarans.com\\\/#\\\/schema\\\/logo\\\/image\\\/\"},\"sameAs\":[\"https:\\\/\\\/www.facebook.com\\\/neeltrimarans\\\/\",\"https:\\\/\\\/x.com\\\/neeltrimarans\",\"https:\\\/\\\/www.instagram.com\\\/neeltrimarans_official\\\/\",\"https:\\\/\\\/www.youtube.com\\\/channel\\\/UCAFnRZZiNuug-k9TNDH_sEw\"]},{\"@type\":\"Person\",\"@id\":\"https:\\\/\\\/www.neel-trimarans.com\\\/#\\\/schema\\\/person\\\/802018f4b970e32fb1fd11dff7d1f55d\",\"name\":\"admin@neel\",\"image\":{\"@type\":\"ImageObject\",\"inLanguage\":\"fr-FR\",\"@id\":\"https:\\\/\\\/www.neel-trimarans.com\\\/wp-content\\\/wphb-cache\\\/gravatar\\\/18b\\\/18b05d3ddb73816eb4d25dc0c4952aafx96.jpg\",\"url\":\"https:\\\/\\\/www.neel-trimarans.com\\\/wp-content\\\/wphb-cache\\\/gravatar\\\/18b\\\/18b05d3ddb73816eb4d25dc0c4952aafx96.jpg\",\"contentUrl\":\"https:\\\/\\\/www.neel-trimarans.com\\\/wp-content\\\/wphb-cache\\\/gravatar\\\/18b\\\/18b05d3ddb73816eb4d25dc0c4952aafx96.jpg\",\"caption\":\"admin@neel\"}}]}<\/script>\n<!-- \/ Yoast SEO plugin. -->","yoast_head_json":{"title":"Le NEEL 47 est nomin\u00e9 pour le prix du Bateau Europ\u00e9en de l'ann\u00e9e !","description":"Le NEEL 47 nomin\u00e9 ! Les \u00e9quipes de NEEL-TRIMARANS sont fi\u00e8res d'annoncer que le NEEL 47 est nomin\u00e9 pour l'\u00e9dition 2020 du prix du Bateau Europ\u00e9en de l'ann\u00e9e","robots":{"index":"index","follow":"follow","max-snippet":"max-snippet:-1","max-image-preview":"max-image-preview:large","max-video-preview":"max-video-preview:-1"},"canonical":"https:\/\/www.neel-trimarans.com\/fr\/the-neel-47-nominated-european-yacht-of-the-year-2020\/","og_locale":"fr_FR","og_type":"article","og_title":"Le NEEL 47 est nomin\u00e9 pour le prix du Bateau Europ\u00e9en de l'ann\u00e9e !","og_description":"Le NEEL 47 nomin\u00e9 ! Les \u00e9quipes de NEEL-TRIMARANS sont fi\u00e8res d'annoncer que le NEEL 47 est nomin\u00e9 pour l'\u00e9dition 2020 du prix du Bateau Europ\u00e9en de l'ann\u00e9e","og_url":"https:\/\/www.neel-trimarans.com\/fr\/the-neel-47-nominated-european-yacht-of-the-year-2020\/","og_site_name":"NEEL-TRIMARANS","article_publisher":"https:\/\/www.facebook.com\/neeltrimarans\/","article_published_time":"2019-09-03T07:17:56+00:00","article_modified_time":"2020-01-07T08:18:48+00:00","og_image":[{"width":800,"height":534,"url":"https:\/\/www.neel-trimarans.com\/wp-content\/uploads\/2019\/05\/NEEL-47-NOMINATED2020.jpg","type":"image\/jpeg"}],"author":"admin@neel","twitter_card":"summary_large_image","twitter_creator":"@neeltrimarans","twitter_site":"@neeltrimarans","twitter_misc":{"\u00c9crit par":"admin@neel","Dur\u00e9e de lecture estim\u00e9e":"1 minute"},"schema":{"@context":"https:\/\/schema.org","@graph":[{"@type":"Article","@id":"https:\/\/www.neel-trimarans.com\/fr\/the-neel-47-nominated-european-yacht-of-the-year-2020\/#article","isPartOf":{"@id":"https:\/\/www.neel-trimarans.com\/fr\/the-neel-47-nominated-european-yacht-of-the-year-2020\/"},"author":{"name":"admin@neel","@id":"https:\/\/www.neel-trimarans.com\/#\/schema\/person\/802018f4b970e32fb1fd11dff7d1f55d"},"headline":"Le NEEL 47 est nomin\u00e9 pour le prix du Bateau Europ\u00e9en de l&rsquo;ann\u00e9e !","datePublished":"2019-09-03T07:17:56+00:00","dateModified":"2020-01-07T08:18:48+00:00","mainEntityOfPage":{"@id":"https:\/\/www.neel-trimarans.com\/fr\/the-neel-47-nominated-european-yacht-of-the-year-2020\/"},"wordCount":141,"publisher":{"@id":"https:\/\/www.neel-trimarans.com\/#organization"},"image":{"@id":"https:\/\/www.neel-trimarans.com\/fr\/the-neel-47-nominated-european-yacht-of-the-year-2020\/#primaryimage"},"thumbnailUrl":"https:\/\/www.neel-trimarans.com\/wp-content\/uploads\/2019\/05\/NEEL-47-NOMINATED2020.jpg","keywords":["Accueil_actus","NEEL47"],"articleSection":["Actualit\u00e9s"],"inLanguage":"fr-FR"},{"@type":"WebPage","@id":"https:\/\/www.neel-trimarans.com\/fr\/the-neel-47-nominated-european-yacht-of-the-year-2020\/","url":"https:\/\/www.neel-trimarans.com\/fr\/the-neel-47-nominated-european-yacht-of-the-year-2020\/","name":"Le NEEL 47 est nomin\u00e9 pour le prix du Bateau Europ\u00e9en de l'ann\u00e9e !","isPartOf":{"@id":"https:\/\/www.neel-trimarans.com\/#website"},"primaryImageOfPage":{"@id":"https:\/\/www.neel-trimarans.com\/fr\/the-neel-47-nominated-european-yacht-of-the-year-2020\/#primaryimage"},"image":{"@id":"https:\/\/www.neel-trimarans.com\/fr\/the-neel-47-nominated-european-yacht-of-the-year-2020\/#primaryimage"},"thumbnailUrl":"https:\/\/www.neel-trimarans.com\/wp-content\/uploads\/2019\/05\/NEEL-47-NOMINATED2020.jpg","datePublished":"2019-09-03T07:17:56+00:00","dateModified":"2020-01-07T08:18:48+00:00","description":"Le NEEL 47 nomin\u00e9 ! Les \u00e9quipes de NEEL-TRIMARANS sont fi\u00e8res d'annoncer que le NEEL 47 est nomin\u00e9 pour l'\u00e9dition 2020 du prix du Bateau Europ\u00e9en de l'ann\u00e9e","breadcrumb":{"@id":"https:\/\/www.neel-trimarans.com\/fr\/the-neel-47-nominated-european-yacht-of-the-year-2020\/#breadcrumb"},"inLanguage":"fr-FR","potentialAction":[{"@type":"ReadAction","target":["https:\/\/www.neel-trimarans.com\/fr\/the-neel-47-nominated-european-yacht-of-the-year-2020\/"]}]},{"@type":"ImageObject","inLanguage":"fr-FR","@id":"https:\/\/www.neel-trimarans.com\/fr\/the-neel-47-nominated-european-yacht-of-the-year-2020\/#primaryimage","url":"https:\/\/www.neel-trimarans.com\/wp-content\/uploads\/2019\/05\/NEEL-47-NOMINATED2020.jpg","contentUrl":"https:\/\/www.neel-trimarans.com\/wp-content\/uploads\/2019\/05\/NEEL-47-NOMINATED2020.jpg","width":800,"height":534,"caption":"Bateau Europ\u00e9en de l'ann\u00e9e"},{"@type":"BreadcrumbList","@id":"https:\/\/www.neel-trimarans.com\/fr\/the-neel-47-nominated-european-yacht-of-the-year-2020\/#breadcrumb","itemListElement":[{"@type":"ListItem","position":1,"name":"Home","item":"https:\/\/www.neel-trimarans.com\/fr\/"},{"@type":"ListItem","position":2,"name":"Le NEEL 47 est nomin\u00e9 pour le prix du Bateau Europ\u00e9en de l&#8217;ann\u00e9e !"}]},{"@type":"WebSite","@id":"https:\/\/www.neel-trimarans.com\/#website","url":"https:\/\/www.neel-trimarans.com\/","name":"NEEL-TRIMARANS","description":"Just makes sense","publisher":{"@id":"https:\/\/www.neel-trimarans.com\/#organization"},"potentialAction":[{"@type":"SearchAction","target":{"@type":"EntryPoint","urlTemplate":"https:\/\/www.neel-trimarans.com\/?s={search_term_string}"},"query-input":{"@type":"PropertyValueSpecification","valueRequired":true,"valueName":"search_term_string"}}],"inLanguage":"fr-FR"},{"@type":"Organization","@id":"https:\/\/www.neel-trimarans.com\/#organization","name":"NEEL-TRIMARANS","url":"https:\/\/www.neel-trimarans.com\/","logo":{"@type":"ImageObject","inLanguage":"fr-FR","@id":"https:\/\/www.neel-trimarans.com\/#\/schema\/logo\/image\/","url":"","contentUrl":"","caption":"NEEL-TRIMARANS"},"image":{"@id":"https:\/\/www.neel-trimarans.com\/#\/schema\/logo\/image\/"},"sameAs":["https:\/\/www.facebook.com\/neeltrimarans\/","https:\/\/x.com\/neeltrimarans","https:\/\/www.instagram.com\/neeltrimarans_official\/","https:\/\/www.youtube.com\/channel\/UCAFnRZZiNuug-k9TNDH_sEw"]},{"@type":"Person","@id":"https:\/\/www.neel-trimarans.com\/#\/schema\/person\/802018f4b970e32fb1fd11dff7d1f55d","name":"admin@neel","image":{"@type":"ImageObject","inLanguage":"fr-FR","@id":"https:\/\/www.neel-trimarans.com\/wp-content\/wphb-cache\/gravatar\/18b\/18b05d3ddb73816eb4d25dc0c4952aafx96.jpg","url":"https:\/\/www.neel-trimarans.com\/wp-content\/wphb-cache\/gravatar\/18b\/18b05d3ddb73816eb4d25dc0c4952aafx96.jpg","contentUrl":"https:\/\/www.neel-trimarans.com\/wp-content\/wphb-cache\/gravatar\/18b\/18b05d3ddb73816eb4d25dc0c4952aafx96.jpg","caption":"admin@neel"}}]}},"_links":{"self":[{"href":"https:\/\/www.neel-trimarans.com\/fr\/wp-json\/wp\/v2\/posts\/8597","targetHints":{"allow":["GET"]}}],"collection":[{"href":"https:\/\/www.neel-trimarans.com\/fr\/wp-json\/wp\/v2\/posts"}],"about":[{"href":"https:\/\/www.neel-trimarans.com\/fr\/wp-json\/wp\/v2\/types\/post"}],"author":[{"embeddable":true,"href":"https:\/\/www.neel-trimarans.com\/fr\/wp-json\/wp\/v2\/users\/1"}],"replies":[{"embeddable":true,"href":"https:\/\/www.neel-trimarans.com\/fr\/wp-json\/wp\/v2\/comments?post=8597"}],"version-history":[{"count":3,"href":"https:\/\/www.neel-trimarans.com\/fr\/wp-json\/wp\/v2\/posts\/8597\/revisions"}],"predecessor-version":[{"id":8648,"href":"https:\/\/www.neel-trimarans.com\/fr\/wp-json\/wp\/v2\/posts\/8597\/revisions\/8648"}],"wp:featuredmedia":[{"embeddable":true,"href":"https:\/\/www.neel-trimarans.com\/fr\/wp-json\/wp\/v2\/media\/8541"}],"wp:attachment":[{"href":"https:\/\/www.neel-trimarans.com\/fr\/wp-json\/wp\/v2\/media?parent=8597"}],"wp:term":[{"taxonomy":"category","embeddable":true,"href":"https:\/\/www.neel-trimarans.com\/fr\/wp-json\/wp\/v2\/categories?post=8597"},{"taxonomy":"post_tag","embeddable":true,"href":"https:\/\/www.neel-trimarans.com\/fr\/wp-json\/wp\/v2\/tags?post=8597"}],"curies":[{"name":"wp","href":"https:\/\/api.w.org\/{rel}","templated":true}]}}