{"id":299986,"date":"2023-09-01T10:18:49","date_gmt":"2023-09-01T09:18:49","guid":{"rendered":"https:\/\/www.neel-trimarans.com\/?p=299986"},"modified":"2023-09-01T10:58:31","modified_gmt":"2023-09-01T09:58:31","slug":"european-yacht-of-the-year-le-neel-52-fait-parti-des-nomines","status":"publish","type":"post","link":"https:\/\/www.neel-trimarans.com\/fr\/european-yacht-of-the-year-le-neel-52-fait-parti-des-nomines\/","title":{"rendered":"European Yacht Of The Year : le NEEL 52 est nomin\u00e9 !"},"content":{"rendered":"\t\t<div data-elementor-type=\"wp-post\" data-elementor-id=\"299986\" class=\"elementor elementor-299986\" data-elementor-post-type=\"post\">\n\t\t\t\t\t\t<section class=\"elementor-section elementor-top-section elementor-element elementor-element-f517144 elementor-section-boxed elementor-section-height-default elementor-section-height-default\" data-id=\"f517144\" data-element_type=\"section\" data-e-type=\"section\">\n\t\t\t\t\t\t<div class=\"elementor-container elementor-column-gap-default\">\n\t\t\t\t\t<div class=\"elementor-column elementor-col-100 elementor-top-column elementor-element elementor-element-7e54e10\" data-id=\"7e54e10\" data-element_type=\"column\" data-e-type=\"column\">\n\t\t\t<div class=\"elementor-widget-wrap elementor-element-populated\">\n\t\t\t\t\t\t<div class=\"elementor-element elementor-element-6d13658 elementor-widget elementor-widget-heading\" data-id=\"6d13658\" data-element_type=\"widget\" data-e-type=\"widget\" data-widget_type=\"heading.default\">\n\t\t\t\t<div class=\"elementor-widget-container\">\n\t\t\t\t\t<h2 class=\"elementor-heading-title elementor-size-default\">Le NEEL 52 est nomin\u00e9 pour le prix de\nl'EUROPEAN YACHT OF THE YEAR 2024<\/h2>\t\t\t\t<\/div>\n\t\t\t\t<\/div>\n\t\t\t\t\t<\/div>\n\t\t<\/div>\n\t\t\t\t\t<\/div>\n\t\t<\/section>\n\t\t\t\t<section class=\"elementor-section elementor-top-section elementor-element elementor-element-87eb16f elementor-section-boxed elementor-section-height-default elementor-section-height-default\" data-id=\"87eb16f\" data-element_type=\"section\" data-e-type=\"section\">\n\t\t\t\t\t\t<div class=\"elementor-container elementor-column-gap-default\">\n\t\t\t\t\t<div class=\"elementor-column elementor-col-50 elementor-top-column elementor-element elementor-element-a5dc84e\" data-id=\"a5dc84e\" data-element_type=\"column\" data-e-type=\"column\">\n\t\t\t<div class=\"elementor-widget-wrap elementor-element-populated\">\n\t\t\t\t\t\t<div class=\"elementor-element elementor-element-6ed52f8 elementor-widget elementor-widget-text-editor\" data-id=\"6ed52f8\" data-element_type=\"widget\" data-e-type=\"widget\" data-widget_type=\"text-editor.default\">\n\t\t\t\t<div class=\"elementor-widget-container\">\n\t\t\t\t\t\t\t\t\t<p>Les \u00e9quipes de NEEL-TRIMARANS sont fi\u00e8res de vous annoncer que le nouveau mod\u00e8le du chantier, le\u00a0<span style=\"text-decoration-line: underline;\"><a href=\"https:\/\/www.neel-trimarans.com\/fr\/gamme\/neel-52\/\"><span style=\"font-weight: 600;\">NEEL 52<\/span><\/a><\/span>, fait parti des nomin\u00e9s pour le prix de l&rsquo;<span style=\"font-weight: 600;\">EUROPEAN YACHT OF THE YEAR 2024<\/span>.<\/p>\t\t\t\t\t\t\t\t<\/div>\n\t\t\t\t<\/div>\n\t\t\t\t\t<\/div>\n\t\t<\/div>\n\t\t\t\t<div class=\"elementor-column elementor-col-50 elementor-top-column elementor-element elementor-element-6eb2fa2\" data-id=\"6eb2fa2\" data-element_type=\"column\" data-e-type=\"column\">\n\t\t\t<div class=\"elementor-widget-wrap elementor-element-populated\">\n\t\t\t\t\t\t<div class=\"elementor-element elementor-element-3f671e3 elementor-widget elementor-widget-image\" data-id=\"3f671e3\" data-element_type=\"widget\" data-e-type=\"widget\" data-widget_type=\"image.default\">\n\t\t\t\t<div class=\"elementor-widget-container\">\n\t\t\t\t\t\t\t\t\t\t\t\t\t\t\t<img fetchpriority=\"high\" decoding=\"async\" width=\"1000\" height=\"600\" src=\"https:\/\/www.neel-trimarans.com\/wp-content\/uploads\/2023\/08\/neel-trimarans-12-1000x600.jpg\" class=\"attachment-testimonial size-testimonial wp-image-299883\" alt=\"NEEL-TRIMARANS 23\" \/>\t\t\t\t\t\t\t\t\t\t\t\t\t\t\t<\/div>\n\t\t\t\t<\/div>\n\t\t\t\t\t<\/div>\n\t\t<\/div>\n\t\t\t\t\t<\/div>\n\t\t<\/section>\n\t\t\t\t<section class=\"elementor-section elementor-top-section elementor-element elementor-element-e5baf64 elementor-section-boxed elementor-section-height-default elementor-section-height-default\" data-id=\"e5baf64\" data-element_type=\"section\" data-e-type=\"section\">\n\t\t\t\t\t\t<div class=\"elementor-container elementor-column-gap-default\">\n\t\t\t\t\t<div class=\"elementor-column elementor-col-100 elementor-top-column elementor-element elementor-element-0fed432\" data-id=\"0fed432\" data-element_type=\"column\" data-e-type=\"column\">\n\t\t\t<div class=\"elementor-widget-wrap elementor-element-populated\">\n\t\t\t\t\t\t<div class=\"elementor-element elementor-element-5244adc elementor-widget elementor-widget-heading\" data-id=\"5244adc\" data-element_type=\"widget\" data-e-type=\"widget\" data-widget_type=\"heading.default\">\n\t\t\t\t<div class=\"elementor-widget-container\">\n\t\t\t\t\t<h2 class=\"elementor-heading-title elementor-size-default\">Un jury compos\u00e9 de 12 magazines sp\u00e9cialis\u00e9s<\/h2>\t\t\t\t<\/div>\n\t\t\t\t<\/div>\n\t\t\t\t\t<\/div>\n\t\t<\/div>\n\t\t\t\t\t<\/div>\n\t\t<\/section>\n\t\t\t\t<section class=\"elementor-section elementor-top-section elementor-element elementor-element-a7cce9c elementor-section-boxed elementor-section-height-default elementor-section-height-default\" data-id=\"a7cce9c\" data-element_type=\"section\" data-e-type=\"section\">\n\t\t\t\t\t\t<div class=\"elementor-container elementor-column-gap-default\">\n\t\t\t\t\t<div class=\"elementor-column elementor-col-33 elementor-top-column elementor-element elementor-element-9007694\" data-id=\"9007694\" data-element_type=\"column\" data-e-type=\"column\">\n\t\t\t<div class=\"elementor-widget-wrap elementor-element-populated\">\n\t\t\t\t\t\t<div class=\"elementor-element elementor-element-2d9a649 elementor-widget elementor-widget-image\" data-id=\"2d9a649\" data-element_type=\"widget\" data-e-type=\"widget\" data-widget_type=\"image.default\">\n\t\t\t\t<div class=\"elementor-widget-container\">\n\t\t\t\t\t\t\t\t\t\t\t\t\t\t\t<img decoding=\"async\" width=\"104\" height=\"150\" src=\"https:\/\/www.neel-trimarans.com\/wp-content\/uploads\/2023\/08\/european-yacht-of-the-year-le-neel-52-fait-parti-des-nomines-104x150.png\" class=\"attachment-thumbnail size-thumbnail wp-image-300003\" alt=\"EUROPEAN YACHT OF THE YEAR : le NEEL 52 fait parti des nomin\u00e9s !\" srcset=\"https:\/\/www.neel-trimarans.com\/wp-content\/uploads\/2023\/08\/european-yacht-of-the-year-le-neel-52-fait-parti-des-nomines-104x150.png 104w, https:\/\/www.neel-trimarans.com\/wp-content\/uploads\/2023\/08\/european-yacht-of-the-year-le-neel-52-fait-parti-des-nomines-208x300.png 208w, https:\/\/www.neel-trimarans.com\/wp-content\/uploads\/2023\/08\/european-yacht-of-the-year-le-neel-52-fait-parti-des-nomines.png 633w\" sizes=\"(max-width: 104px) 100vw, 104px\" \/>\t\t\t\t\t\t\t\t\t\t\t\t\t\t\t<\/div>\n\t\t\t\t<\/div>\n\t\t\t\t\t<\/div>\n\t\t<\/div>\n\t\t\t\t<div class=\"elementor-column elementor-col-66 elementor-top-column elementor-element elementor-element-615dbfa\" data-id=\"615dbfa\" data-element_type=\"column\" data-e-type=\"column\">\n\t\t\t<div class=\"elementor-widget-wrap elementor-element-populated\">\n\t\t\t\t\t\t<div class=\"elementor-element elementor-element-27b19d3 elementor-widget elementor-widget-text-editor\" data-id=\"27b19d3\" data-element_type=\"widget\" data-e-type=\"widget\" data-widget_type=\"text-editor.default\">\n\t\t\t\t<div class=\"elementor-widget-container\">\n\t\t\t\t\t\t\t\t\t<p>Ce prestigieux prix, souvent surnomm\u00e9s \u00ab\u00a0Les Oscars du nautisme\u00a0\u00bb, est octroy\u00e9 par <strong>un jury compos\u00e9 d&rsquo;experts<\/strong> du domaine.<\/p><p>Douze journalistes, qui repr\u00e9sentent douze magazines europ\u00e9ens sp\u00e9cialis\u00e9s dans le nautisme,\u00a0<strong>effectuent une navigation \u00e0 bord des bateaux nomin\u00e9s pendant plusieurs jours cons\u00e9cutifs<\/strong>\u00a0afin d&rsquo;\u00e9lire l&rsquo;EUROPEAN YACHT OF THE YEAR pour chaque cat\u00e9gorie.<\/p><p>Les r\u00e9sultats seront annonc\u00e9s en <strong>janvier 2024<\/strong>.<\/p>\t\t\t\t\t\t\t\t<\/div>\n\t\t\t\t<\/div>\n\t\t\t\t<div class=\"elementor-element elementor-element-66e8223 elementor-widget elementor-widget-image\" data-id=\"66e8223\" data-element_type=\"widget\" data-e-type=\"widget\" data-widget_type=\"image.default\">\n\t\t\t\t<div class=\"elementor-widget-container\">\n\t\t\t\t\t\t\t\t\t\t\t\t\t\t\t<img decoding=\"async\" width=\"583\" height=\"86\" src=\"https:\/\/www.neel-trimarans.com\/wp-content\/uploads\/2023\/08\/european-yacht-of-the-year-le-neel-52-est-nomine.png\" class=\"attachment-large size-large wp-image-300100\" alt=\"European Yacht Of The Year : le NEEL 52 est nomin\u00e9 !\" srcset=\"https:\/\/www.neel-trimarans.com\/wp-content\/uploads\/2023\/08\/european-yacht-of-the-year-le-neel-52-est-nomine.png 583w, https:\/\/www.neel-trimarans.com\/wp-content\/uploads\/2023\/08\/european-yacht-of-the-year-le-neel-52-est-nomine-300x44.png 300w, https:\/\/www.neel-trimarans.com\/wp-content\/uploads\/2023\/08\/european-yacht-of-the-year-le-neel-52-est-nomine-150x22.png 150w\" sizes=\"(max-width: 583px) 100vw, 583px\" \/>\t\t\t\t\t\t\t\t\t\t\t\t\t\t\t<\/div>\n\t\t\t\t<\/div>\n\t\t\t\t\t<\/div>\n\t\t<\/div>\n\t\t\t\t\t<\/div>\n\t\t<\/section>\n\t\t\t\t<section class=\"elementor-section elementor-top-section elementor-element elementor-element-6a7c394 elementor-section-boxed elementor-section-height-default elementor-section-height-default\" data-id=\"6a7c394\" data-element_type=\"section\" data-e-type=\"section\">\n\t\t\t\t\t\t<div class=\"elementor-container elementor-column-gap-default\">\n\t\t\t\t\t<div class=\"elementor-column elementor-col-100 elementor-top-column elementor-element elementor-element-841fb81\" data-id=\"841fb81\" data-element_type=\"column\" data-e-type=\"column\">\n\t\t\t<div class=\"elementor-widget-wrap elementor-element-populated\">\n\t\t\t\t\t\t<div class=\"elementor-element elementor-element-a31c250 elementor-widget elementor-widget-heading\" data-id=\"a31c250\" data-element_type=\"widget\" data-e-type=\"widget\" data-widget_type=\"heading.default\">\n\t\t\t\t<div class=\"elementor-widget-container\">\n\t\t\t\t\t<h2 class=\"elementor-heading-title elementor-size-default\">D\u00e9couvrez le NEEL 52 en navigation :<\/h2>\t\t\t\t<\/div>\n\t\t\t\t<\/div>\n\t\t\t\t\t<\/div>\n\t\t<\/div>\n\t\t\t\t\t<\/div>\n\t\t<\/section>\n\t\t\t\t<section class=\"elementor-section elementor-top-section elementor-element elementor-element-3e35f0e elementor-section-boxed elementor-section-height-default elementor-section-height-default\" data-id=\"3e35f0e\" data-element_type=\"section\" data-e-type=\"section\">\n\t\t\t\t\t\t<div class=\"elementor-container elementor-column-gap-default\">\n\t\t\t\t\t<div class=\"elementor-column elementor-col-100 elementor-top-column elementor-element elementor-element-edbf6e8\" data-id=\"edbf6e8\" data-element_type=\"column\" data-e-type=\"column\">\n\t\t\t<div class=\"elementor-widget-wrap elementor-element-populated\">\n\t\t\t\t\t\t<div class=\"elementor-element elementor-element-46fb652 elementor-widget elementor-widget-video\" data-id=\"46fb652\" data-element_type=\"widget\" data-e-type=\"widget\" data-settings=\"{&quot;youtube_url&quot;:&quot;https:\\\/\\\/www.youtube.com\\\/watch?v=23mfq-R5J3o&quot;,&quot;autoplay&quot;:&quot;yes&quot;,&quot;mute&quot;:&quot;yes&quot;,&quot;video_type&quot;:&quot;youtube&quot;,&quot;controls&quot;:&quot;yes&quot;}\" data-widget_type=\"video.default\">\n\t\t\t\t<div class=\"elementor-widget-container\">\n\t\t\t\t\t\t\t<div class=\"elementor-wrapper elementor-open-inline\">\n\t\t\t<div class=\"elementor-video\"><\/div>\t\t<\/div>\n\t\t\t\t\t\t<\/div>\n\t\t\t\t<\/div>\n\t\t\t\t\t<\/div>\n\t\t<\/div>\n\t\t\t\t\t<\/div>\n\t\t<\/section>\n\t\t\t\t<\/div>\n\t\t","protected":false},"excerpt":{"rendered":"<p>Le NEEL 52 est nomin\u00e9 pour le prix de l&rsquo;EUROPEAN YACHT OF THE YEAR 2024 Les \u00e9quipes de NEEL-TRIMARANS sont fi\u00e8res de vous annoncer que le nouveau mod\u00e8le du chantier, le\u00a0NEEL 52, fait parti des nomin\u00e9s pour le prix de l&rsquo;EUROPEAN YACHT OF THE YEAR 2024. Un jury compos\u00e9 de 12 magazines sp\u00e9cialis\u00e9s Ce prestigieux [&hellip;]<\/p>\n","protected":false},"author":9,"featured_media":300055,"comment_status":"closed","ping_status":"closed","sticky":false,"template":"","format":"standard","meta":{"_acf_changed":false,"inline_featured_image":false,"footnotes":""},"categories":[7,155],"tags":[147],"class_list":["post-299986","post","type-post","status-publish","format-standard","has-post-thumbnail","hentry","category-actualites-fr","category-awards-fr","tag-accueil_-actus_fr"],"acf":[],"yoast_head":"<!-- This site is optimized with the Yoast SEO plugin v27.5 - https:\/\/yoast.com\/product\/yoast-seo-wordpress\/ -->\n<title>European Yacht Of The Year : le NEEL 52 est nomin\u00e9 ! | NEEL-TRIMARANS<\/title>\n<meta name=\"robots\" content=\"index, follow, max-snippet:-1, max-image-preview:large, max-video-preview:-1\" \/>\n<link rel=\"canonical\" href=\"https:\/\/www.neel-trimarans.com\/fr\/european-yacht-of-the-year-le-neel-52-fait-parti-des-nomines\/\" \/>\n<meta property=\"og:locale\" content=\"fr_FR\" \/>\n<meta property=\"og:type\" content=\"article\" \/>\n<meta property=\"og:title\" content=\"European Yacht Of The Year : le NEEL 52 est nomin\u00e9 ! | NEEL-TRIMARANS\" \/>\n<meta property=\"og:description\" content=\"Le NEEL 52 est nomin\u00e9 pour le prix de l&rsquo;EUROPEAN YACHT OF THE YEAR 2024 Les \u00e9quipes de NEEL-TRIMARANS sont fi\u00e8res de vous annoncer que le nouveau mod\u00e8le du chantier, le\u00a0NEEL 52, fait parti des nomin\u00e9s pour le prix de l&rsquo;EUROPEAN YACHT OF THE YEAR 2024. Un jury compos\u00e9 de 12 magazines sp\u00e9cialis\u00e9s Ce prestigieux [&hellip;]\" \/>\n<meta property=\"og:url\" content=\"https:\/\/www.neel-trimarans.com\/fr\/european-yacht-of-the-year-le-neel-52-fait-parti-des-nomines\/\" \/>\n<meta property=\"og:site_name\" content=\"NEEL-TRIMARANS\" \/>\n<meta property=\"article:publisher\" content=\"https:\/\/www.facebook.com\/neeltrimarans\/\" \/>\n<meta property=\"article:published_time\" content=\"2023-09-01T09:18:49+00:00\" \/>\n<meta property=\"article:modified_time\" content=\"2023-09-01T09:58:31+00:00\" \/>\n<meta property=\"og:image\" content=\"https:\/\/www.neel-trimarans.com\/wp-content\/uploads\/2023\/08\/european-yacht-of-the-year-le-neel-52-fait-parti-des-nomines-2.jpg\" \/>\n\t<meta property=\"og:image:width\" content=\"2518\" \/>\n\t<meta property=\"og:image:height\" content=\"1276\" \/>\n\t<meta property=\"og:image:type\" content=\"image\/jpeg\" \/>\n<meta name=\"author\" content=\"Valentine Zundel\" \/>\n<meta name=\"twitter:card\" content=\"summary_large_image\" \/>\n<meta name=\"twitter:creator\" content=\"@neeltrimarans\" \/>\n<meta name=\"twitter:site\" content=\"@neeltrimarans\" \/>\n<meta name=\"twitter:label1\" content=\"\u00c9crit par\" \/>\n\t<meta name=\"twitter:data1\" content=\"Valentine Zundel\" \/>\n\t<meta name=\"twitter:label2\" content=\"Dur\u00e9e de lecture estim\u00e9e\" \/>\n\t<meta name=\"twitter:data2\" content=\"2 minutes\" \/>\n<script type=\"application\/ld+json\" class=\"yoast-schema-graph\">{\"@context\":\"https:\\\/\\\/schema.org\",\"@graph\":[{\"@type\":\"Article\",\"@id\":\"https:\\\/\\\/www.neel-trimarans.com\\\/fr\\\/european-yacht-of-the-year-le-neel-52-fait-parti-des-nomines\\\/#article\",\"isPartOf\":{\"@id\":\"https:\\\/\\\/www.neel-trimarans.com\\\/fr\\\/european-yacht-of-the-year-le-neel-52-fait-parti-des-nomines\\\/\"},\"author\":{\"name\":\"Valentine Zundel\",\"@id\":\"https:\\\/\\\/www.neel-trimarans.com\\\/#\\\/schema\\\/person\\\/b069248cfbd1287296d460a417621ce6\"},\"headline\":\"European Yacht Of The Year : le NEEL 52 est nomin\u00e9 !\",\"datePublished\":\"2023-09-01T09:18:49+00:00\",\"dateModified\":\"2023-09-01T09:58:31+00:00\",\"mainEntityOfPage\":{\"@id\":\"https:\\\/\\\/www.neel-trimarans.com\\\/fr\\\/european-yacht-of-the-year-le-neel-52-fait-parti-des-nomines\\\/\"},\"wordCount\":145,\"publisher\":{\"@id\":\"https:\\\/\\\/www.neel-trimarans.com\\\/#organization\"},\"image\":{\"@id\":\"https:\\\/\\\/www.neel-trimarans.com\\\/fr\\\/european-yacht-of-the-year-le-neel-52-fait-parti-des-nomines\\\/#primaryimage\"},\"thumbnailUrl\":\"https:\\\/\\\/www.neel-trimarans.com\\\/wp-content\\\/uploads\\\/2023\\\/08\\\/european-yacht-of-the-year-le-neel-52-fait-parti-des-nomines-2.jpg\",\"keywords\":[\"Accueil_actus\"],\"articleSection\":[\"Actualit\u00e9s\",\"Awards\"],\"inLanguage\":\"fr-FR\"},{\"@type\":\"WebPage\",\"@id\":\"https:\\\/\\\/www.neel-trimarans.com\\\/fr\\\/european-yacht-of-the-year-le-neel-52-fait-parti-des-nomines\\\/\",\"url\":\"https:\\\/\\\/www.neel-trimarans.com\\\/fr\\\/european-yacht-of-the-year-le-neel-52-fait-parti-des-nomines\\\/\",\"name\":\"European Yacht Of The Year : le NEEL 52 est nomin\u00e9 ! | NEEL-TRIMARANS\",\"isPartOf\":{\"@id\":\"https:\\\/\\\/www.neel-trimarans.com\\\/#website\"},\"primaryImageOfPage\":{\"@id\":\"https:\\\/\\\/www.neel-trimarans.com\\\/fr\\\/european-yacht-of-the-year-le-neel-52-fait-parti-des-nomines\\\/#primaryimage\"},\"image\":{\"@id\":\"https:\\\/\\\/www.neel-trimarans.com\\\/fr\\\/european-yacht-of-the-year-le-neel-52-fait-parti-des-nomines\\\/#primaryimage\"},\"thumbnailUrl\":\"https:\\\/\\\/www.neel-trimarans.com\\\/wp-content\\\/uploads\\\/2023\\\/08\\\/european-yacht-of-the-year-le-neel-52-fait-parti-des-nomines-2.jpg\",\"datePublished\":\"2023-09-01T09:18:49+00:00\",\"dateModified\":\"2023-09-01T09:58:31+00:00\",\"breadcrumb\":{\"@id\":\"https:\\\/\\\/www.neel-trimarans.com\\\/fr\\\/european-yacht-of-the-year-le-neel-52-fait-parti-des-nomines\\\/#breadcrumb\"},\"inLanguage\":\"fr-FR\",\"potentialAction\":[{\"@type\":\"ReadAction\",\"target\":[\"https:\\\/\\\/www.neel-trimarans.com\\\/fr\\\/european-yacht-of-the-year-le-neel-52-fait-parti-des-nomines\\\/\"]}]},{\"@type\":\"ImageObject\",\"inLanguage\":\"fr-FR\",\"@id\":\"https:\\\/\\\/www.neel-trimarans.com\\\/fr\\\/european-yacht-of-the-year-le-neel-52-fait-parti-des-nomines\\\/#primaryimage\",\"url\":\"https:\\\/\\\/www.neel-trimarans.com\\\/wp-content\\\/uploads\\\/2023\\\/08\\\/european-yacht-of-the-year-le-neel-52-fait-parti-des-nomines-2.jpg\",\"contentUrl\":\"https:\\\/\\\/www.neel-trimarans.com\\\/wp-content\\\/uploads\\\/2023\\\/08\\\/european-yacht-of-the-year-le-neel-52-fait-parti-des-nomines-2.jpg\",\"width\":2518,\"height\":1276,\"caption\":\"EUROPEAN YACHT OF THE YEAR : le NEEL 52 fait parti des nomin\u00e9s ! 1\"},{\"@type\":\"BreadcrumbList\",\"@id\":\"https:\\\/\\\/www.neel-trimarans.com\\\/fr\\\/european-yacht-of-the-year-le-neel-52-fait-parti-des-nomines\\\/#breadcrumb\",\"itemListElement\":[{\"@type\":\"ListItem\",\"position\":1,\"name\":\"Home\",\"item\":\"https:\\\/\\\/www.neel-trimarans.com\\\/fr\\\/\"},{\"@type\":\"ListItem\",\"position\":2,\"name\":\"European Yacht Of The Year : le NEEL 52 est nomin\u00e9 !\"}]},{\"@type\":\"WebSite\",\"@id\":\"https:\\\/\\\/www.neel-trimarans.com\\\/#website\",\"url\":\"https:\\\/\\\/www.neel-trimarans.com\\\/\",\"name\":\"NEEL-TRIMARANS\",\"description\":\"Just makes sense\",\"publisher\":{\"@id\":\"https:\\\/\\\/www.neel-trimarans.com\\\/#organization\"},\"potentialAction\":[{\"@type\":\"SearchAction\",\"target\":{\"@type\":\"EntryPoint\",\"urlTemplate\":\"https:\\\/\\\/www.neel-trimarans.com\\\/?s={search_term_string}\"},\"query-input\":{\"@type\":\"PropertyValueSpecification\",\"valueRequired\":true,\"valueName\":\"search_term_string\"}}],\"inLanguage\":\"fr-FR\"},{\"@type\":\"Organization\",\"@id\":\"https:\\\/\\\/www.neel-trimarans.com\\\/#organization\",\"name\":\"NEEL-TRIMARANS\",\"url\":\"https:\\\/\\\/www.neel-trimarans.com\\\/\",\"logo\":{\"@type\":\"ImageObject\",\"inLanguage\":\"fr-FR\",\"@id\":\"https:\\\/\\\/www.neel-trimarans.com\\\/#\\\/schema\\\/logo\\\/image\\\/\",\"url\":\"\",\"contentUrl\":\"\",\"caption\":\"NEEL-TRIMARANS\"},\"image\":{\"@id\":\"https:\\\/\\\/www.neel-trimarans.com\\\/#\\\/schema\\\/logo\\\/image\\\/\"},\"sameAs\":[\"https:\\\/\\\/www.facebook.com\\\/neeltrimarans\\\/\",\"https:\\\/\\\/x.com\\\/neeltrimarans\",\"https:\\\/\\\/www.instagram.com\\\/neeltrimarans_official\\\/\",\"https:\\\/\\\/www.youtube.com\\\/channel\\\/UCAFnRZZiNuug-k9TNDH_sEw\"]},{\"@type\":\"Person\",\"@id\":\"https:\\\/\\\/www.neel-trimarans.com\\\/#\\\/schema\\\/person\\\/b069248cfbd1287296d460a417621ce6\",\"name\":\"Valentine Zundel\",\"image\":{\"@type\":\"ImageObject\",\"inLanguage\":\"fr-FR\",\"@id\":\"https:\\\/\\\/www.neel-trimarans.com\\\/wp-content\\\/wphb-cache\\\/gravatar\\\/e38\\\/e38d1607371631820f280705a56f39a4x96.jpg\",\"url\":\"https:\\\/\\\/www.neel-trimarans.com\\\/wp-content\\\/wphb-cache\\\/gravatar\\\/e38\\\/e38d1607371631820f280705a56f39a4x96.jpg\",\"contentUrl\":\"https:\\\/\\\/www.neel-trimarans.com\\\/wp-content\\\/wphb-cache\\\/gravatar\\\/e38\\\/e38d1607371631820f280705a56f39a4x96.jpg\",\"caption\":\"Valentine Zundel\"}}]}<\/script>\n<!-- \/ Yoast SEO plugin. -->","yoast_head_json":{"title":"European Yacht Of The Year : le NEEL 52 est nomin\u00e9 ! | NEEL-TRIMARANS","robots":{"index":"index","follow":"follow","max-snippet":"max-snippet:-1","max-image-preview":"max-image-preview:large","max-video-preview":"max-video-preview:-1"},"canonical":"https:\/\/www.neel-trimarans.com\/fr\/european-yacht-of-the-year-le-neel-52-fait-parti-des-nomines\/","og_locale":"fr_FR","og_type":"article","og_title":"European Yacht Of The Year : le NEEL 52 est nomin\u00e9 ! | NEEL-TRIMARANS","og_description":"Le NEEL 52 est nomin\u00e9 pour le prix de l&rsquo;EUROPEAN YACHT OF THE YEAR 2024 Les \u00e9quipes de NEEL-TRIMARANS sont fi\u00e8res de vous annoncer que le nouveau mod\u00e8le du chantier, le\u00a0NEEL 52, fait parti des nomin\u00e9s pour le prix de l&rsquo;EUROPEAN YACHT OF THE YEAR 2024. Un jury compos\u00e9 de 12 magazines sp\u00e9cialis\u00e9s Ce prestigieux [&hellip;]","og_url":"https:\/\/www.neel-trimarans.com\/fr\/european-yacht-of-the-year-le-neel-52-fait-parti-des-nomines\/","og_site_name":"NEEL-TRIMARANS","article_publisher":"https:\/\/www.facebook.com\/neeltrimarans\/","article_published_time":"2023-09-01T09:18:49+00:00","article_modified_time":"2023-09-01T09:58:31+00:00","og_image":[{"width":2518,"height":1276,"url":"https:\/\/www.neel-trimarans.com\/wp-content\/uploads\/2023\/08\/european-yacht-of-the-year-le-neel-52-fait-parti-des-nomines-2.jpg","type":"image\/jpeg"}],"author":"Valentine Zundel","twitter_card":"summary_large_image","twitter_creator":"@neeltrimarans","twitter_site":"@neeltrimarans","twitter_misc":{"\u00c9crit par":"Valentine Zundel","Dur\u00e9e de lecture estim\u00e9e":"2 minutes"},"schema":{"@context":"https:\/\/schema.org","@graph":[{"@type":"Article","@id":"https:\/\/www.neel-trimarans.com\/fr\/european-yacht-of-the-year-le-neel-52-fait-parti-des-nomines\/#article","isPartOf":{"@id":"https:\/\/www.neel-trimarans.com\/fr\/european-yacht-of-the-year-le-neel-52-fait-parti-des-nomines\/"},"author":{"name":"Valentine Zundel","@id":"https:\/\/www.neel-trimarans.com\/#\/schema\/person\/b069248cfbd1287296d460a417621ce6"},"headline":"European Yacht Of The Year : le NEEL 52 est nomin\u00e9 !","datePublished":"2023-09-01T09:18:49+00:00","dateModified":"2023-09-01T09:58:31+00:00","mainEntityOfPage":{"@id":"https:\/\/www.neel-trimarans.com\/fr\/european-yacht-of-the-year-le-neel-52-fait-parti-des-nomines\/"},"wordCount":145,"publisher":{"@id":"https:\/\/www.neel-trimarans.com\/#organization"},"image":{"@id":"https:\/\/www.neel-trimarans.com\/fr\/european-yacht-of-the-year-le-neel-52-fait-parti-des-nomines\/#primaryimage"},"thumbnailUrl":"https:\/\/www.neel-trimarans.com\/wp-content\/uploads\/2023\/08\/european-yacht-of-the-year-le-neel-52-fait-parti-des-nomines-2.jpg","keywords":["Accueil_actus"],"articleSection":["Actualit\u00e9s","Awards"],"inLanguage":"fr-FR"},{"@type":"WebPage","@id":"https:\/\/www.neel-trimarans.com\/fr\/european-yacht-of-the-year-le-neel-52-fait-parti-des-nomines\/","url":"https:\/\/www.neel-trimarans.com\/fr\/european-yacht-of-the-year-le-neel-52-fait-parti-des-nomines\/","name":"European Yacht Of The Year : le NEEL 52 est nomin\u00e9 ! | NEEL-TRIMARANS","isPartOf":{"@id":"https:\/\/www.neel-trimarans.com\/#website"},"primaryImageOfPage":{"@id":"https:\/\/www.neel-trimarans.com\/fr\/european-yacht-of-the-year-le-neel-52-fait-parti-des-nomines\/#primaryimage"},"image":{"@id":"https:\/\/www.neel-trimarans.com\/fr\/european-yacht-of-the-year-le-neel-52-fait-parti-des-nomines\/#primaryimage"},"thumbnailUrl":"https:\/\/www.neel-trimarans.com\/wp-content\/uploads\/2023\/08\/european-yacht-of-the-year-le-neel-52-fait-parti-des-nomines-2.jpg","datePublished":"2023-09-01T09:18:49+00:00","dateModified":"2023-09-01T09:58:31+00:00","breadcrumb":{"@id":"https:\/\/www.neel-trimarans.com\/fr\/european-yacht-of-the-year-le-neel-52-fait-parti-des-nomines\/#breadcrumb"},"inLanguage":"fr-FR","potentialAction":[{"@type":"ReadAction","target":["https:\/\/www.neel-trimarans.com\/fr\/european-yacht-of-the-year-le-neel-52-fait-parti-des-nomines\/"]}]},{"@type":"ImageObject","inLanguage":"fr-FR","@id":"https:\/\/www.neel-trimarans.com\/fr\/european-yacht-of-the-year-le-neel-52-fait-parti-des-nomines\/#primaryimage","url":"https:\/\/www.neel-trimarans.com\/wp-content\/uploads\/2023\/08\/european-yacht-of-the-year-le-neel-52-fait-parti-des-nomines-2.jpg","contentUrl":"https:\/\/www.neel-trimarans.com\/wp-content\/uploads\/2023\/08\/european-yacht-of-the-year-le-neel-52-fait-parti-des-nomines-2.jpg","width":2518,"height":1276,"caption":"EUROPEAN YACHT OF THE YEAR : le NEEL 52 fait parti des nomin\u00e9s ! 1"},{"@type":"BreadcrumbList","@id":"https:\/\/www.neel-trimarans.com\/fr\/european-yacht-of-the-year-le-neel-52-fait-parti-des-nomines\/#breadcrumb","itemListElement":[{"@type":"ListItem","position":1,"name":"Home","item":"https:\/\/www.neel-trimarans.com\/fr\/"},{"@type":"ListItem","position":2,"name":"European Yacht Of The Year : le NEEL 52 est nomin\u00e9 !"}]},{"@type":"WebSite","@id":"https:\/\/www.neel-trimarans.com\/#website","url":"https:\/\/www.neel-trimarans.com\/","name":"NEEL-TRIMARANS","description":"Just makes sense","publisher":{"@id":"https:\/\/www.neel-trimarans.com\/#organization"},"potentialAction":[{"@type":"SearchAction","target":{"@type":"EntryPoint","urlTemplate":"https:\/\/www.neel-trimarans.com\/?s={search_term_string}"},"query-input":{"@type":"PropertyValueSpecification","valueRequired":true,"valueName":"search_term_string"}}],"inLanguage":"fr-FR"},{"@type":"Organization","@id":"https:\/\/www.neel-trimarans.com\/#organization","name":"NEEL-TRIMARANS","url":"https:\/\/www.neel-trimarans.com\/","logo":{"@type":"ImageObject","inLanguage":"fr-FR","@id":"https:\/\/www.neel-trimarans.com\/#\/schema\/logo\/image\/","url":"","contentUrl":"","caption":"NEEL-TRIMARANS"},"image":{"@id":"https:\/\/www.neel-trimarans.com\/#\/schema\/logo\/image\/"},"sameAs":["https:\/\/www.facebook.com\/neeltrimarans\/","https:\/\/x.com\/neeltrimarans","https:\/\/www.instagram.com\/neeltrimarans_official\/","https:\/\/www.youtube.com\/channel\/UCAFnRZZiNuug-k9TNDH_sEw"]},{"@type":"Person","@id":"https:\/\/www.neel-trimarans.com\/#\/schema\/person\/b069248cfbd1287296d460a417621ce6","name":"Valentine Zundel","image":{"@type":"ImageObject","inLanguage":"fr-FR","@id":"https:\/\/www.neel-trimarans.com\/wp-content\/wphb-cache\/gravatar\/e38\/e38d1607371631820f280705a56f39a4x96.jpg","url":"https:\/\/www.neel-trimarans.com\/wp-content\/wphb-cache\/gravatar\/e38\/e38d1607371631820f280705a56f39a4x96.jpg","contentUrl":"https:\/\/www.neel-trimarans.com\/wp-content\/wphb-cache\/gravatar\/e38\/e38d1607371631820f280705a56f39a4x96.jpg","caption":"Valentine Zundel"}}]}},"_links":{"self":[{"href":"https:\/\/www.neel-trimarans.com\/fr\/wp-json\/wp\/v2\/posts\/299986","targetHints":{"allow":["GET"]}}],"collection":[{"href":"https:\/\/www.neel-trimarans.com\/fr\/wp-json\/wp\/v2\/posts"}],"about":[{"href":"https:\/\/www.neel-trimarans.com\/fr\/wp-json\/wp\/v2\/types\/post"}],"author":[{"embeddable":true,"href":"https:\/\/www.neel-trimarans.com\/fr\/wp-json\/wp\/v2\/users\/9"}],"replies":[{"embeddable":true,"href":"https:\/\/www.neel-trimarans.com\/fr\/wp-json\/wp\/v2\/comments?post=299986"}],"version-history":[{"count":74,"href":"https:\/\/www.neel-trimarans.com\/fr\/wp-json\/wp\/v2\/posts\/299986\/revisions"}],"predecessor-version":[{"id":300148,"href":"https:\/\/www.neel-trimarans.com\/fr\/wp-json\/wp\/v2\/posts\/299986\/revisions\/300148"}],"wp:featuredmedia":[{"embeddable":true,"href":"https:\/\/www.neel-trimarans.com\/fr\/wp-json\/wp\/v2\/media\/300055"}],"wp:attachment":[{"href":"https:\/\/www.neel-trimarans.com\/fr\/wp-json\/wp\/v2\/media?parent=299986"}],"wp:term":[{"taxonomy":"category","embeddable":true,"href":"https:\/\/www.neel-trimarans.com\/fr\/wp-json\/wp\/v2\/categories?post=299986"},{"taxonomy":"post_tag","embeddable":true,"href":"https:\/\/www.neel-trimarans.com\/fr\/wp-json\/wp\/v2\/tags?post=299986"}],"curies":[{"name":"wp","href":"https:\/\/api.w.org\/{rel}","templated":true}]}}